{"id":31,"count":0,"description":"Le 28\u00e8me Festival du film fran\u00e7ais est termin\u00e9.\r\n<\/br>\r\n<\/br>\r\nRetour sur le 28\u00e8me Festival du film fran\u00e7ais (2025) <a href=\"https:\/\/www.afbrno.cz\/fr\/fff-2025\/\" target=\"_blank\" rel=\"noreferrer noopener\" data-type=\"link\" data-id=\"https:\/\/www.afbrno.cz\/fff-2025\/\">ici<\/a>.\r\n\r\n<!-- wp:paragraph -->\r\n<\/br>\r\nRetour sur le 27\u00e8me Festival du film fran\u00e7ais (2024) <a href=\"https:\/\/www.afbrno.cz\/fr\/fff-2024-2\/\" target=\"_blank\" rel=\"noreferrer noopener\" data-type=\"link\" data-id=\"https:\/\/www.afbrno.cz\/fff-2024\/\">ici<\/a>.\r\n\r\n<!-- \/wp:paragraph --> <!-- wp:paragraph -->\r\n<\/br>\r\nRetour sur le 26\u00e8me Festival du film fran\u00e7ais (2023) <a href=\"https:\/\/www.afbrno.cz\/fr\/fff-2023\/\" target=\"_blank\" rel=\"noreferrer noopener\" data-type=\"link\" data-id=\"https:\/\/www.afbrno.cz\/fff-2023\/\">ici<\/a>.\r\n\r\n<!-- \/wp:paragraph -->","link":"https:\/\/www.afbrno.cz\/fr\/zarazeni\/festival-du-film-francais\/","name":"Festival du film fran\u00e7ais","slug":"festival-du-film-francais","taxonomy":"zarazeni","parent":0,"meta":[],"acf":[],"_links":{"self":[{"href":"https:\/\/www.afbrno.cz\/fr\/wp-json\/wp\/v2\/zarazeni\/31","targetHints":{"allow":["GET"]}}],"collection":[{"href":"https:\/\/www.afbrno.cz\/fr\/wp-json\/wp\/v2\/zarazeni"}],"about":[{"href":"https:\/\/www.afbrno.cz\/fr\/wp-json\/wp\/v2\/taxonomies\/zarazeni"}],"wp:post_type":[{"href":"https:\/\/www.afbrno.cz\/fr\/wp-json\/wp\/v2\/kultura?zarazeni=31"}],"curies":[{"name":"wp","href":"https:\/\/api.w.org\/{rel}","templated":true}]}}