{"id":34562,"date":"2026-02-02T18:23:24","date_gmt":"2026-02-02T17:23:24","guid":{"rendered":"https:\/\/www.afbrno.cz\/?p=34562"},"modified":"2026-04-29T17:22:25","modified_gmt":"2026-04-29T15:22:25","slug":"relaxujeme-s-francouzstinou","status":"publish","type":"post","link":"https:\/\/www.afbrno.cz\/fr\/relaxujeme-s-francouzstinou\/","title":{"rendered":"Relaxujeme s francouz\u0161tinou"},"content":{"rendered":"\n<p>Pro z\u00e1jemce se znalost\u00ed francouz\u0161tiny a se z\u00e1jmem o relaxa\u010dn\u00ed cvi\u010den\u00ed nab\u00edz\u00edme dopoledn\u00ed kurzy <strong>En forme ! yoga et stretching en fran\u00e7ais<\/strong>. Kurzy se konaj\u00ed v\u017edy od 9.30 do 10.30 hod.<\/p>\n\n\n\n<p><strong>Nejbli\u017e\u0161\u00ed term\u00edny: <\/strong><\/p>\n\n\n\n<ul class=\"wp-block-list\">\n<li>\u00fater\u00fd 5. 5.<\/li>\n\n\n\n<li>\u00fater\u00fd 12. 5.<\/li>\n\n\n\n<li>\u00fater\u00fd 26. 5.<\/li>\n<\/ul>\n\n\n\n<p><\/p>\n\n\n\n<div class=\"wp-block-buttons is-layout-flex wp-block-buttons-is-layout-flex\">\n<div class=\"wp-block-button\"><a class=\"wp-block-button__link wp-element-button\" href=\"https:\/\/www.afbrno.cz\/kategorie-kurzu\/joga-a-strecink-ve-francouzstine\/\" target=\"_blank\" rel=\"noreferrer noopener\">v\u00edce informac\u00ed a registrace<\/a><\/div>\n<\/div>\n\n\n\n<p><\/p>\n","protected":false},"excerpt":{"rendered":"<p>Relaxa\u010dn\u00ed kurzy s francouz\u0161tinou<\/p>\n","protected":false},"author":3,"featured_media":34567,"comment_status":"closed","ping_status":"closed","sticky":false,"template":"","format":"standard","meta":{"_acf_changed":false,"footnotes":""},"categories":[1],"tags":[],"class_list":["post-34562","post","type-post","status-publish","format-standard","has-post-thumbnail","hentry","category-nezarazene"],"acf":[],"_links":{"self":[{"href":"https:\/\/www.afbrno.cz\/fr\/wp-json\/wp\/v2\/posts\/34562","targetHints":{"allow":["GET"]}}],"collection":[{"href":"https:\/\/www.afbrno.cz\/fr\/wp-json\/wp\/v2\/posts"}],"about":[{"href":"https:\/\/www.afbrno.cz\/fr\/wp-json\/wp\/v2\/types\/post"}],"author":[{"embeddable":true,"href":"https:\/\/www.afbrno.cz\/fr\/wp-json\/wp\/v2\/users\/3"}],"replies":[{"embeddable":true,"href":"https:\/\/www.afbrno.cz\/fr\/wp-json\/wp\/v2\/comments?post=34562"}],"version-history":[{"count":10,"href":"https:\/\/www.afbrno.cz\/fr\/wp-json\/wp\/v2\/posts\/34562\/revisions"}],"predecessor-version":[{"id":36576,"href":"https:\/\/www.afbrno.cz\/fr\/wp-json\/wp\/v2\/posts\/34562\/revisions\/36576"}],"wp:featuredmedia":[{"embeddable":true,"href":"https:\/\/www.afbrno.cz\/fr\/wp-json\/wp\/v2\/media\/34567"}],"wp:attachment":[{"href":"https:\/\/www.afbrno.cz\/fr\/wp-json\/wp\/v2\/media?parent=34562"}],"wp:term":[{"taxonomy":"category","embeddable":true,"href":"https:\/\/www.afbrno.cz\/fr\/wp-json\/wp\/v2\/categories?post=34562"},{"taxonomy":"post_tag","embeddable":true,"href":"https:\/\/www.afbrno.cz\/fr\/wp-json\/wp\/v2\/tags?post=34562"}],"curies":[{"name":"wp","href":"https:\/\/api.w.org\/{rel}","templated":true}]}}